{"id":1251,"date":"2023-11-30T11:28:59","date_gmt":"2023-11-30T10:28:59","guid":{"rendered":"https:\/\/www.ceba-gears.com\/de\/?p=1251"},"modified":"2023-12-02T18:26:10","modified_gmt":"2023-12-02T17:26:10","slug":"datenschutz-und-cookie-richtlinie-2","status":"publish","type":"post","link":"https:\/\/www.ceba-gears.com\/de\/2023\/11\/30\/datenschutz-und-cookie-richtlinie-2\/","title":{"rendered":"Datenschutz- und Cookie-Richtlinie"},"content":{"rendered":"<p><div class=\"fusion-fullwidth fullwidth-box fusion-builder-row-1 fusion-flex-container nonhundred-percent-fullwidth non-hundred-percent-height-scrolling\" style=\"--awb-border-radius-top-left:0px;--awb-border-radius-top-right:0px;--awb-border-radius-bottom-right:0px;--awb-border-radius-bottom-left:0px;--awb-flex-wrap:wrap;\" ><div class=\"fusion-builder-row fusion-row fusion-flex-align-items-flex-start fusion-flex-content-wrap\" style=\"max-width:1289.6px;margin-left: calc(-4% \/ 2 );margin-right: calc(-4% \/ 2 );\"><div class=\"fusion-layout-column fusion_builder_column fusion-builder-column-0 fusion_builder_column_1_1 1_1 fusion-flex-column\" style=\"--awb-bg-blend:overlay;--awb-bg-size:cover;--awb-width-large:100%;--awb-margin-top-large:0px;--awb-spacing-right-large:1.92%;--awb-margin-bottom-large:0px;--awb-spacing-left-large:1.92%;--awb-width-medium:100%;--awb-spacing-right-medium:1.92%;--awb-spacing-left-medium:1.92%;--awb-width-small:100%;--awb-spacing-right-small:1.92%;--awb-spacing-left-small:1.92%;\"><div class=\"fusion-column-wrapper fusion-flex-justify-content-flex-start fusion-content-layout-column\"><div class=\"fusion-text fusion-text-1\"><h2 class=\"fusion-responsive-typography-calculated\" style=\"--fontsize: 28; line-height: 1.2; --minfontsize: 28;\" data-fontsize=\"28\" data-lineheight=\"33.6px\">Datenschutzerkl\u00e4rung<\/h2>\n<div class=\"p\">Auf dieser Seite werden die Verwaltungsmethoden der Website im Hinblick auf die Verarbeitung personenbezogener Daten der Benutzer beschrieben, die sie konsultieren.<\/div>\n<div class=\"p\">Die Erkl\u00e4rung erfolgt gem\u00e4\u00df D.Lgs. 196\/2003 und nachfolgenden \u00c4nderungen &#8211; Datenschutzgesetz (\u201cPrivacy Code\u201d) &#8211; sowie der EU-Verordnung 679\/2016, die ab dem 25. Mai 2018 gilt &#8211; Datenschutz-Grundverordnung (\u201cDSGVO\u201d) (im Folgenden als &#8220;Verordnung&#8221; bezeichnet) f\u00fcr alle, die mit den \u00fcber die folgenden Adressen zug\u00e4nglichen Webdiensten interagieren: <a href=\"http:\/\/www.cebagears.com\/\" target=\"_blank\" rel=\"noopener\">www.cebagears.com<\/a>. Diese Erkl\u00e4rung gilt nicht f\u00fcr andere m\u00f6glicherweise \u00fcber unsere Links zug\u00e4ngliche Websites, f\u00fcr die wir in keiner Weise verantwortlich sind.<\/div>\n<p>\u00a0<\/p>\n<h2 class=\"fusion-responsive-typography-calculated\" style=\"--fontsize: 28; line-height: 1.2; --minfontsize: 28;\" data-fontsize=\"28\" data-lineheight=\"33.6px\">Verantwortlicher f\u00fcr die Datenverarbeitung<\/h2>\n<div class=\"p\">CEBA INGRANAGGI Srl<br \/>Via Tiziano 11 &#8211; 20841 Carate Brianza (MB)<br \/><span class=\"eml\">privacy@ceba-gears.com<\/span><\/div>\n<p>\u00a0<\/p>\n<h2 class=\"fusion-responsive-typography-calculated\" style=\"--fontsize: 28; line-height: 1.2; --minfontsize: 28;\" data-fontsize=\"28\" data-lineheight=\"33.6px\">Verantwortlicher f\u00fcr die Datenverarbeitung<\/h2>\n<div class=\"p\">Loretta Cesana<br \/>Via Tiziano 11 &#8211; 20841 Carate Brianza (MB)<br \/><span class=\"eml\">privacy@ceba-gears.com<\/span><\/div>\n<div class=\"p\">Die aktualisierte Liste der Verantwortlichen und Beauftragten f\u00fcr die Verarbeitung wird am Hauptsitz des Verantwortlichen f\u00fcr die Verarbeitung aufbewahrt.<\/div>\n<p>\u00a0<\/p>\n<h2 class=\"fusion-responsive-typography-calculated\" style=\"--fontsize: 28; line-height: 1.2; --minfontsize: 28;\" data-fontsize=\"28\" data-lineheight=\"33.6px\">Methoden und Ort der Verarbeitung der gesammelten Daten<\/h2>\n<div class=\"p\">\n<h3 class=\"fusion-responsive-typography-calculated\" style=\"--fontsize: 22; line-height: 1.3; --minfontsize: 22;\" data-fontsize=\"22\" data-lineheight=\"28.6px\">Verarbeitungsmethoden<\/h3>\n<p>Die Datenverarbeitung kann neben der Erfassung das Aufzeichnen, Organisieren, Speichern, L\u00f6schen, Kommunizieren, \u00c4ndern, Ausw\u00e4hlen, Extrahieren, Konsultieren, Verarbeiten, Verkn\u00fcpfen, Sperren, Vergleichen, Nutzen der Daten umfassen und erfolgt sowohl auf Papier als auch mit Hilfe von elektronischen, informatischen und telematischen Instrumenten, in \u00dcbereinstimmung mit geeigneten Methoden und Instrumenten, um die Sicherheit und Vertraulichkeit der Daten zu gew\u00e4hrleisten.<br \/>Insbesondere werden alle vom Gesetz vorgeschriebenen technischen, informatischen, organisatorischen, logistischen und Verfahrenssicherheitsma\u00dfnahmen gem\u00e4\u00df der Verordnung ergriffen, um das vom Gesetz vorgeschriebene Mindestschutzniveau f\u00fcr Daten zu gew\u00e4hrleisten. Dar\u00fcber hinaus garantieren die angewandten Methoden, dass der Zugang zu den Daten nur den Personen gestattet ist, die vom Verantwortlichen f\u00fcr die Verarbeitung beauftragt wurden. Die aktualisierte Liste der Beauftragten (Verwaltungspersonal, Systemadministratoren, Hosting-Anbieter) kann jederzeit beim Verantwortlichen f\u00fcr die Verarbeitung angefordert werden.<\/p>\n<\/div>\n<div class=\"p\">\n<h3 class=\"fusion-responsive-typography-calculated\" style=\"--fontsize: 22; line-height: 1.3; --minfontsize: 22;\" data-fontsize=\"22\" data-lineheight=\"28.6px\">Ort<\/h3>\n<p>Die Verarbeitung der mit den bereitgestellten Diensten verbundenen Daten erfolgt an den operativen Standorten des Verantwortlichen und an den Standorten, an denen die am Verarbeitungsvorgang beteiligten Personen innerhalb der Europ\u00e4ischen Union t\u00e4tig sind. Der Benutzer kann die vollst\u00e4ndige Liste beim Verantwortlichen anfordern.<\/p>\n<\/div>\n<div class=\"p\">\n<h3 class=\"fusion-responsive-typography-calculated\" style=\"--fontsize: 22; line-height: 1.3; --minfontsize: 22;\" data-fontsize=\"22\" data-lineheight=\"28.6px\">Dauer<\/h3>\n<p>Die Verarbeitung dauert nicht l\u00e4nger als f\u00fcr die Zwecke, f\u00fcr die die Daten gesammelt wurden, erforderlich ist. Der Benutzer kann auch jederzeit die Unterbrechung der Verarbeitung oder die L\u00f6schung der Daten beantragen.<\/p>\n<p>\u00a0<\/p>\n<\/div>\n<h2 class=\"fusion-responsive-typography-calculated\" style=\"--fontsize: 28; line-height: 1.2; --minfontsize: 28;\" data-fontsize=\"28\" data-lineheight=\"33.6px\">Arten der verarbeiteten Daten<\/h2>\n<div class=\"p\">\n<h3 class=\"fusion-responsive-typography-calculated\" style=\"--fontsize: 22; line-height: 1.3; --minfontsize: 22;\" data-fontsize=\"22\" data-lineheight=\"28.6px\">Navigationsdaten<\/h3>\n<p>Die f\u00fcr den Betrieb dieser Website eingesetzten Computersysteme und Softwareverfahren erfassen im normalen Verlauf ihres Betriebs einige personenbezogene Daten, deren \u00dcbertragung bei der Verwendung der Internetkommunikationsprotokolle implizit ist. Es handelt sich um Informationen, die nicht gesammelt werden, um identifizierten Personen zugeordnet zu werden, die jedoch aufgrund ihrer Natur durch Verarbeitung und Verkn\u00fcpfung mit von Dritten gehaltenen Daten die Identifizierung von Benutzern erm\u00f6glichen k\u00f6nnten. Zu diesen Daten geh\u00f6ren IP-Adressen oder Domainnamen der Computer, die von den Benutzern verwendet werden, die sich mit der Website verbinden, URI-Adressen (Uniform Resource Identifier) der angeforderten Ressourcen, die Uhrzeit der Anforderung, die Methode, die zum Senden der Anfrage an den Server verwendet wird, die Gr\u00f6\u00dfe der in Antwort erhaltenen Datei, der numerische Code, der den Status der Antwort angibt, den der Server gegeben hat (erfolgreich, Fehler usw.), und andere Parameter im Zusammenhang mit dem Betriebssystem und der Informatikumgebung des Benutzers. Diese Daten werden nur verwendet, um anonyme statistische Informationen \u00fcber die Nutzung der Website zu erhalten und deren ordnungsgem\u00e4\u00dfe Funktion zu \u00fcberpr\u00fcfen, und werden sofort nach der Verarbeitung gel\u00f6scht. Die Daten k\u00f6nnen f\u00fcr die Feststellung von Verantwortlichkeiten im Falle hypothetischer Computerstraftaten gegen die Website verwendet werden.<\/p>\n<\/div>\n<div class=\"p\">\n<h3 class=\"fusion-responsive-typography-calculated\" style=\"--fontsize: 22; line-height: 1.3; --minfontsize: 22;\" data-fontsize=\"22\" data-lineheight=\"28.6px\">Vom Benutzer freiwillig bereitgestellte Daten<\/h3>\n<p>Die freiwillige, ausdr\u00fcckliche und freiwillige \u00dcbermittlung von E-Mails an die auf dieser Website angegebenen Adressen f\u00fchrt zur anschlie\u00dfenden Erfassung der Adresse des Absenders, die zur Beantwortung von Anfragen erforderlich ist, sowie etwaiger anderer in der Nachricht eingegebener personenbezogener Daten. Zusammenfassende Informationsdetails werden schrittweise auf den f\u00fcr bestimmte angeforderte Dienste eingerichteten Seiten der Website bereitgestellt oder angezeigt.<\/p>\n<\/div>\n<div class=\"p\">\n<h3 class=\"fusion-responsive-typography-calculated\" style=\"--fontsize: 22; line-height: 1.3; --minfontsize: 22;\" data-fontsize=\"22\" data-lineheight=\"28.6px\">Freiwilligkeit der Datenbereitstellung<\/h3>\n<p>Abgesehen von den f\u00fcr die Navigation angegebenen Daten ist der Benutzer frei, die in den Anforderungsformularen angegebenen pers\u00f6nlichen Daten oder in Kontakten anderweitig angegebenen Daten zur Anforderung von Informationsmaterial oder anderen Mitteilungen zu \u00fcbermitteln. Ihre Nichtbereitstellung kann zur Unm\u00f6glichkeit f\u00fchren, das Gew\u00fcnschte zu erhalten. Vollst\u00e4ndigkeitshalber sei darauf hingewiesen, dass die Beh\u00f6rde in einigen F\u00e4llen (die nicht Teil der ordentlichen Verwaltung dieser Website sind) gem\u00e4\u00df Artikel 157 des Gesetzesdekrets Nr. 196\/2003 Informationen und Ausk\u00fcnfte zur \u00dcberwachung der Verarbeitung personenbezogener Daten anfordern kann. In diesen F\u00e4llen ist die Antwort verpflichtend und mit einer Geldstrafe belegt.<\/p>\n<\/div>\n<h2 class=\"fusion-responsive-typography-calculated\" style=\"--fontsize: 28; line-height: 1.2; --minfontsize: 28;\" data-fontsize=\"28\" data-lineheight=\"33.6px\">Details zur Verarbeitung personenbezogener Daten<\/h2>\n<div class=\"p\">Die pers\u00f6nlichen Daten werden zu folgenden Zwecken und unter Verwendung der folgenden Dienste erfasst:<\/div>\n<div class=\"expanded\">\n<div class=\"expand-click\">\n<h3 class=\"fusion-responsive-typography-calculated\" style=\"--fontsize: 22; line-height: 1.3; --minfontsize: 22;\" data-fontsize=\"22\" data-lineheight=\"28.6px\">Kontakt mit dem Benutzer<\/h3>\n<\/div>\n<div class=\"expand-content\">\n<div class=\"p\">Durch das Senden von E-Mails kann der Benutzer Informationen, Kostenvoranschl\u00e4ge oder andere Daten anfordern. Der Benutzer stimmt der Verwendung seiner Daten gem\u00e4\u00df den Anforderungen zu.<\/div>\n<div class=\"p\">Erhobene personenbezogene Daten: E-Mail, Vorname, Nachname, Firma, Telefon.<\/div>\n<p>\u00a0<\/p>\n<\/div>\n<\/div>\n<h2 class=\"fusion-responsive-typography-calculated\" style=\"--fontsize: 28; line-height: 1.2; --minfontsize: 28;\" data-fontsize=\"28\" data-lineheight=\"33.6px\">Weitere Informationen zur Verarbeitung<\/h2>\n<div class=\"p\">\n<h4 class=\"fusion-responsive-typography-calculated\" style=\"--fontsize: 28; line-height: 1.36; --minfontsize: 28;\" data-fontsize=\"28\" data-lineheight=\"38.08px\">Aus\u00fcbung der Rechte durch die Benutzer<\/h4>\n<p>Gem\u00e4\u00df Artikel 15 der Verordnung k\u00f6nnen Sie gem\u00e4\u00df den Bestimmungen Zugang zu Ihren pers\u00f6nlichen Daten erhalten, deren Berichtigung und Aktualisierung anfordern, wenn sie unvollst\u00e4ndig oder fehlerhaft sind, die L\u00f6schung beantragen, wenn die Erhebung gegen Gesetz oder Verordnung verst\u00f6\u00dft, und sich aus legitimen und spezifischen Gr\u00fcnden gegen die Verarbeitung wehren. Insbesondere sind hier alle Ihre Rechte aufgef\u00fchrt, die Sie jederzeit gegen\u00fcber dem Verantwortlichen der Verarbeitung aus\u00fcben k\u00f6nnen:<\/p>\n<\/div>\n<div class=\"p\">\n<ul>\n<li><u>Recht auf Zugang<\/u>: Sie haben gem\u00e4\u00df Artikel 15 Absatz 1 der Verordnung das Recht, vom Verantwortlichen der Verarbeitung die Best\u00e4tigung dar\u00fcber zu erhalten, ob Ihre personenbezogenen Daten verarbeitet werden oder nicht, und in diesem Fall Zugang zu diesen Daten sowie zu den folgenden Informationen zu erhalten: a) Zweck der Verarbeitung; b) Kategorien der betroffenen personenbezogenen Daten; c) Empf\u00e4nger oder Kategorien von Empf\u00e4ngern, denen Ihre personenbezogenen Daten mitgeteilt wurden oder noch mitgeteilt werden, insbesondere Empf\u00e4nger in Drittl\u00e4ndern oder internationalen Organisationen; d) wenn m\u00f6glich, die geplante Dauer der Speicherung der personenbezogenen Daten oder, falls dies nicht m\u00f6glich ist, die Kriterien f\u00fcr die Festlegung dieser Dauer; e) das Bestehen des Rechts der betroffenen Person, vom Verantwortlichen der Verarbeitung die Berichtigung oder L\u00f6schung der personenbezogenen Daten oder die Einschr\u00e4nkung der Verarbeitung der sie betreffenden personenbezogenen Daten zu verlangen oder sich gegen diese Verarbeitung zu wehren; f) das Recht, bei einer Aufsichtsbeh\u00f6rde Beschwerde einzulegen; g) wenn die personenbezogenen Daten nicht bei der betroffenen Person erhoben werden, alle verf\u00fcgbaren Informationen \u00fcber ihre Herkunft; h) das Bestehen einer automatisierten Entscheidungsfindung einschlie\u00dflich Profiling gem\u00e4\u00df Artikel 22 Abs\u00e4tze 1 und 4 der Verordnung und, zumindest in diesen F\u00e4llen, aussagekr\u00e4ftige Informationen \u00fcber die involvierte Logik sowie die Tragweite und die angestrebten Auswirkungen einer solchen Verarbeitung f\u00fcr die betroffene Person.<\/li>\n<li><u>Recht auf Berichtigung<\/u>: Gem\u00e4\u00df Artikel 16 der Verordnung k\u00f6nnen Sie die Berichtigung Ihrer unrichtigen personenbezogenen Daten verlangen. Unter Ber\u00fccksichtigung der Zwecke der Verarbeitung k\u00f6nnen Sie auch die Vervollst\u00e4ndigung Ihrer unvollst\u00e4ndigen personenbezogenen Daten verlangen, indem Sie eine zus\u00e4tzliche Erkl\u00e4rung abgeben.<\/li>\n<li><u>Recht auf L\u00f6schung<\/u>: Gem\u00e4\u00df Artikel 17 Absatz 1 der Verordnung k\u00f6nnen Sie die L\u00f6schung Ihrer personenbezogenen Daten ohne unbegr\u00fcndete Verz\u00f6gerung verlangen, und der Verantwortliche f\u00fcr die Verarbeitung ist verpflichtet, Ihre personenbezogenen Daten zu l\u00f6schen, wenn einer der folgenden Gr\u00fcnde vorliegt: a) die personenbezogenen Daten sind f\u00fcr die Zwecke, f\u00fcr die sie erhoben oder auf sonstige Weise verarbeitet wurden, nicht mehr notwendig; b) Sie haben Ihre Einwilligung widerrufen, auf die sich die Verarbeitung st\u00fctzte, und es fehlt an einer anderen Rechtsgrundlage f\u00fcr die Verarbeitung; c) Sie legen gem\u00e4\u00df Artikel 21 Absatz 1 oder 2 der Verordnung Widerspruch gegen die Verarbeitung ein, und es liegen keine vorrangigen berechtigten Gr\u00fcnde f\u00fcr die Verarbeitung vor; d) Ihre personenbezogenen Daten wurden unrechtm\u00e4\u00dfig verarbeitet; e) die L\u00f6schung der personenbezogenen Daten ist zur Erf\u00fcllung einer rechtlichen Verpflichtung nach Unionsrecht oder dem Recht der Mitgliedstaaten erforderlich, dem der Verantwortliche unterliegt. Gem\u00e4\u00df Artikel 17 Absatz 3 der Verordnung ist der Verantwortliche f\u00fcr die Verarbeitung in einigen F\u00e4llen berechtigt, von der L\u00f6schung Ihrer personenbezogenen Daten abzusehen, wenn deren Verarbeitung beispielsweise f\u00fcr die Aus\u00fcbung des Rechts auf Meinungsfreiheit und Informationsfreiheit, zur Erf\u00fcllung einer rechtlichen Verpflichtung, aus Gr\u00fcnden des \u00f6ffentlichen Interesses, zu Archivzwecken im \u00f6ffentlichen Interesse, zu wissenschaftlichen oder historischen Forschungszwecken oder zu statistischen Zwecken erforderlich ist, zur Geltendmachung, Aus\u00fcbung oder Verteidigung von Rechtsanspr\u00fcchen.<\/li>\n<li><u>Recht auf Einschr\u00e4nkung der Verarbeitung<\/u>: Gem\u00e4\u00df Artikel 18 der Verordnung k\u00f6nnen Sie die Einschr\u00e4nkung der Verarbeitung verlangen, wenn eine der folgenden Hypothesen vorliegt: a) Sie bestreiten die Richtigkeit Ihrer personenbezogenen Daten (die Einschr\u00e4nkung gilt f\u00fcr den Zeitraum, der erforderlich ist, damit der Verantwortliche f\u00fcr die Verarbeitung die Richtigkeit dieser personenbezogenen Daten \u00fcberpr\u00fcfen kann); b) die Verarbeitung ist unrechtm\u00e4\u00dfig, Sie lehnen jedoch die L\u00f6schung Ihrer personenbezogenen Daten ab und fordern stattdessen die Einschr\u00e4nkung ihrer Nutzung; c) der Verantwortliche f\u00fcr die Verarbeitung ben\u00f6tigt die personenbezogenen Daten nicht l\u00e4nger f\u00fcr die Zwecke der Verarbeitung, Sie ben\u00f6tigen sie jedoch zur Geltendmachung, Aus\u00fcbung oder Verteidigung von Rechtsanspr\u00fcchen; d) Sie haben gem\u00e4\u00df Artikel 21 Absatz 1 der Verordnung Widerspruch gegen die Verarbeitung eingelegt, solange noch nicht feststeht, ob die berechtigten Gr\u00fcnde des Verantwortlichen f\u00fcr die Verarbeitung gegen\u00fcber Ihren \u00fcberwiegen. Im Falle einer Einschr\u00e4nkung der Verarbeitung werden Ihre personenbezogenen Daten, abgesehen von ihrer Speicherung, nur mit Ihrer Einwilligung oder zur Geltendmachung, Aus\u00fcbung oder Verteidigung von Rechtsanspr\u00fcchen oder zum Schutz der Rechte einer anderen nat\u00fcrlichen oder juristischen Person oder aus Gr\u00fcnden eines erheblichen \u00f6ffentlichen Interesses verarbeitet. Wir informieren Sie in jedem Fall im Voraus, bevor diese Einschr\u00e4nkung aufgehoben wird.<\/li>\n<li><u>Recht auf Daten\u00fcbertragbarkeit<\/u>: Gem\u00e4\u00df Artikel 20 Absatz 1 der Verordnung k\u00f6nnen Sie jederzeit verlangen und erhalten, dass der Verantwortliche f\u00fcr die Verarbeitung alle Ihre personenbezogenen Daten, die er in einem strukturierten, g\u00e4ngigen und maschinenlesbaren Format verarbeitet, Ihnen bereitstellt, oder dass er deren \u00dcbermittlung an einen anderen Verantwortlichen f\u00fcr die Verarbeitung ohne Hindernisse veranlasst. In diesem Fall obliegt es Ihnen, uns alle genauen Angaben des neuen Verantwortlichen f\u00fcr die Verarbeitung zu geben, dem Sie die \u00dcbermittlung Ihrer personenbezogenen Daten schriftlich autorisieren.<\/li>\n<li><u>Recht auf Widerspruch<\/u>: Gem\u00e4\u00df Artikel 21 Absatz 2 der Verordnung k\u00f6nnen Sie jederzeit der Verarbeitung Ihrer personenbezogenen Daten widersprechen, wenn diese f\u00fcr Direktmarketingzwecke verarbeitet werden, einschlie\u00dflich Profiling, soweit es mit solchem Direktmarketing zusammenh\u00e4ngt.<\/li>\n<li><u>Recht auf Beschwerde bei der Aufsichtsbeh\u00f6rde<\/u>: Unbeschadet Ihres Rechts, sich an jede andere Verwaltungs- oder Gerichtsbeh\u00f6rde zu wenden, wenn Sie der Ansicht sind, dass die Verarbeitung Ihrer personenbezogenen Daten durch den Verantwortlichen gegen die Verordnung und\/oder die geltenden Vorschriften verst\u00f6\u00dft, k\u00f6nnen Sie bei der zust\u00e4ndigen Datenschutzbeh\u00f6rde Beschwerde einreichen.<\/li>\n<\/ul>\n<\/div>\n<div class=\"p\">Um all diese oben genannten Rechte auszu\u00fcben, reicht es aus, den Verantwortlichen f\u00fcr die Verarbeitung zu kontaktieren.<\/div>\n<div class=\"p\">\n<h4 class=\"fusion-responsive-typography-calculated\" style=\"--fontsize: 28; line-height: 1.36; --minfontsize: 28;\" data-fontsize=\"28\" data-lineheight=\"38.08px\">Rechtsverteidigung<\/h4>\n<p>Der Verantwortliche hat das Recht, Informationen \u00fcber Benutzer offenzulegen, wenn dies vom Gesetz oder von der Justizbeh\u00f6rde, den Strafverfolgungsbeh\u00f6rden oder anderen Regierungsbeamten verlangt wird, oder wenn er der Meinung ist, dass die Offenlegung notwendig oder angemessen ist, um physischen Schaden oder finanziellen Verlust zu verhindern oder im Rahmen einer Untersuchung zu tats\u00e4chlichen oder vermuteten betr\u00fcgerischen oder illegalen Aktivit\u00e4ten erfolgt.<\/p>\n<\/div>\n<div class=\"p\">\u00a0<\/div>\n<div class=\"p\">\n<h4 class=\"fusion-responsive-typography-calculated\" style=\"--fontsize: 28; line-height: 1.36; --minfontsize: 28;\" data-fontsize=\"28\" data-lineheight=\"38.08px\">Rechtsverteidigung<\/h4>\n<p>Der Verantwortliche ist berechtigt, Informationen \u00fcber die Benutzer offenzulegen, wenn dies gesetzlich oder von einer Gerichtsbeh\u00f6rde, den Strafverfolgungsbeh\u00f6rden oder anderen Regierungsbeamten gefordert wird oder wenn er der Ansicht ist, dass die Offenlegung zur Verhinderung physischer Sch\u00e4den oder finanzieller Verluste notwendig oder angemessen ist oder im Rahmen einer Untersuchung von tats\u00e4chlichen oder vermuteten betr\u00fcgerischen oder illegalen Aktivit\u00e4ten.<\/p>\n<\/div>\n<div class=\"p\">\n<h4 class=\"fusion-responsive-typography-calculated\" style=\"--fontsize: 28; line-height: 1.36; --minfontsize: 28;\" data-fontsize=\"28\" data-lineheight=\"38.08px\">\u00c4nderungen dieser Datenschutzrichtlinie<\/h4>\n<p>Der Verantwortliche f\u00fcr die Datenverarbeitung beh\u00e4lt sich das Recht vor, Teile dieser Datenschutzerkl\u00e4rung nach eigenem Ermessen und jederzeit zu \u00e4ndern, zu aktualisieren, hinzuzuf\u00fcgen oder zu entfernen. Die betroffene Person ist verpflichtet, regelm\u00e4\u00dfig \u00c4nderungen zu \u00fcberpr\u00fcfen. Um diese \u00dcberpr\u00fcfung zu erleichtern, enth\u00e4lt die Erkl\u00e4rung das Datum der letzten Aktualisierung. Die Nutzung der Website nach Ver\u00f6ffentlichung der \u00c4nderungen stellt deren Akzeptanz dar.<\/p>\n<\/div>\n<div class=\"p\">\n<h4 class=\"fusion-responsive-typography-calculated\" style=\"--fontsize: 28; line-height: 1.36; --minfontsize: 28;\" data-fontsize=\"28\" data-lineheight=\"38.08px\">Informationen zu dieser Datenschutzrichtlinie<\/h4>\n<p>Diese Datenschutzerkl\u00e4rung wird eigenst\u00e4ndig und in voller Verantwortung vom Verantwortlichen f\u00fcr die Verarbeitung personenbezogener Daten erstellt.<\/p>\n<\/div>\n<div class=\"p\">\n<h4 class=\"fusion-responsive-typography-calculated\" style=\"--fontsize: 28; line-height: 1.36; --minfontsize: 28;\" data-fontsize=\"28\" data-lineheight=\"38.08px\">Nicht in dieser Richtlinie enthaltene Informationen<\/h4>\n<p>Zus\u00e4tzliche Informationen, die in diesem Dokument nicht erw\u00e4hnt sind, k\u00f6nnen jederzeit beim Verantwortlichen f\u00fcr die Datenverarbeitung angefordert werden.<\/p>\n<\/div>\n<hr \/>\n<div class=\"p\">Letzte \u00c4nderung: 19. Januar 2022<\/div>\n<\/div><\/div><\/div><\/div><\/div><div class=\"fusion-fullwidth fullwidth-box fusion-builder-row-2 fusion-flex-container nonhundred-percent-fullwidth non-hundred-percent-height-scrolling\" style=\"--awb-border-radius-top-left:0px;--awb-border-radius-top-right:0px;--awb-border-radius-bottom-right:0px;--awb-border-radius-bottom-left:0px;--awb-flex-wrap:wrap;\" ><div class=\"fusion-builder-row fusion-row fusion-flex-align-items-flex-start fusion-flex-content-wrap\" style=\"max-width:1289.6px;margin-left: calc(-4% \/ 2 );margin-right: calc(-4% \/ 2 );\"><div class=\"fusion-layout-column fusion_builder_column fusion-builder-column-1 fusion_builder_column_1_1 1_1 fusion-flex-column\" style=\"--awb-bg-size:cover;--awb-width-large:100%;--awb-margin-top-large:0px;--awb-spacing-right-large:1.92%;--awb-margin-bottom-large:0px;--awb-spacing-left-large:1.92%;--awb-width-medium:100%;--awb-spacing-right-medium:1.92%;--awb-spacing-left-medium:1.92%;--awb-width-small:100%;--awb-spacing-right-small:1.92%;--awb-spacing-left-small:1.92%;\"><div class=\"fusion-column-wrapper fusion-flex-justify-content-flex-start fusion-content-layout-column\"><div class=\"fusion-text fusion-text-2\"><\/div>\n<\/div>\n<\/div><\/div><\/div><\/div><\/div><\/p>\n","protected":false},"excerpt":{"rendered":"","protected":false},"author":1,"featured_media":1253,"comment_status":"open","ping_status":"open","sticky":false,"template":"","format":"standard","meta":{"footnotes":""},"categories":[12,1],"tags":[],"class_list":["post-1251","post","type-post","status-publish","format-standard","has-post-thumbnail","hentry","category-escludi-da-news","category-senza-categoria"],"_links":{"self":[{"href":"https:\/\/www.ceba-gears.com\/de\/wp-json\/wp\/v2\/posts\/1251","targetHints":{"allow":["GET"]}}],"collection":[{"href":"https:\/\/www.ceba-gears.com\/de\/wp-json\/wp\/v2\/posts"}],"about":[{"href":"https:\/\/www.ceba-gears.com\/de\/wp-json\/wp\/v2\/types\/post"}],"author":[{"embeddable":true,"href":"https:\/\/www.ceba-gears.com\/de\/wp-json\/wp\/v2\/users\/1"}],"replies":[{"embeddable":true,"href":"https:\/\/www.ceba-gears.com\/de\/wp-json\/wp\/v2\/comments?post=1251"}],"version-history":[{"count":11,"href":"https:\/\/www.ceba-gears.com\/de\/wp-json\/wp\/v2\/posts\/1251\/revisions"}],"predecessor-version":[{"id":1314,"href":"https:\/\/www.ceba-gears.com\/de\/wp-json\/wp\/v2\/posts\/1251\/revisions\/1314"}],"wp:featuredmedia":[{"embeddable":true,"href":"https:\/\/www.ceba-gears.com\/de\/wp-json\/wp\/v2\/media\/1253"}],"wp:attachment":[{"href":"https:\/\/www.ceba-gears.com\/de\/wp-json\/wp\/v2\/media?parent=1251"}],"wp:term":[{"taxonomy":"category","embeddable":true,"href":"https:\/\/www.ceba-gears.com\/de\/wp-json\/wp\/v2\/categories?post=1251"},{"taxonomy":"post_tag","embeddable":true,"href":"https:\/\/www.ceba-gears.com\/de\/wp-json\/wp\/v2\/tags?post=1251"}],"curies":[{"name":"wp","href":"https:\/\/api.w.org\/{rel}","templated":true}]}}